{"id":778,"date":"2023-02-23T12:11:39","date_gmt":"2023-02-23T12:11:39","guid":{"rendered":"https:\/\/centreexpertiseacess.com\/?p=778"},"modified":"2023-10-11T13:11:36","modified_gmt":"2023-10-11T13:11:36","slug":"projet-isolement-social","status":"publish","type":"post","link":"https:\/\/centreexpertiseacess.com\/fr\/projet-isolement-social\/","title":{"rendered":"Projet sur l&rsquo;isolement social et la solitude"},"content":{"rendered":"<div class=\"wpb-content-wrapper\"><p>[vc_row gap=\u00a0\u00bb30&Prime; equal_height=\u00a0\u00bbyes\u00a0\u00bb content_placement=\u00a0\u00bbmiddle\u00a0\u00bb][vc_column width=\u00a0\u00bb1\/6&Prime;][vc_single_image image=\u00a0\u00bb717&Prime; img_size=\u00a0\u00bblarge\u00a0\u00bb alignment=\u00a0\u00bbcenter\u00a0\u00bb][\/vc_column][vc_column width=\u00a0\u00bb5\/6&Prime;][vc_column_text]<\/p>\n<h1><span style=\"color: #ea9633\">Optimiser la r\u00e9silience \u00e0 la COVID-19 par le bris de l\u2019isolement social et la solitude des minorit\u00e9s linguistiques en soins de longue dur\u00e9e au Nouveau-Brunswick, Qu\u00e9bec et Manitoba<\/span>.<\/h1>\n<p>[\/vc_column_text][\/vc_column][\/vc_row][vc_row gap=\u00a0\u00bb35&Prime;][vc_column width=\u00a0\u00bb1\/2&Prime;][vc_column_text]Ce projet a \u00e9t\u00e9 d\u00e9velopp\u00e9 par le Dr Idrissa Beogo de l\u2019\u00c9cole des sciences infirmi\u00e8re de Universit\u00e9 d\u2019Ottawa et comprend une \u00e9quipe de chercheurs\/ses de l&rsquo;Universit\u00e9 Laval, de l&rsquo;Universit\u00e9 de Moncton et de l&rsquo;Universit\u00e9 du Qu\u00e9bec en Outaouais. Ce projet a \u00e9t\u00e9 financ\u00e9 par les Instituts de recherche en sant\u00e9 du Canada (IRSC).<\/p>\n<p>\u00c9quipe de recherche\u00a0:<\/p>\n<ul>\n<li>Idrissa Beogo, uOttawa<\/li>\n<li>Diane Tapp, U Laval<\/li>\n<li>Stephanie Collin, U de Moncton<\/li>\n<li>Eric Tchouaket Nguemeleu, UQO<\/li>\n<li>Drissa Sia, UQO<\/li>\n<li>Marie-Pierre Gagnon, U Laval<\/li>\n<li>Jean Ramd\u00e9, U Laval<\/li>\n<li>(Cooordonnateur) Jean-Claude Bationo, U Laval<\/li>\n<\/ul>\n<p>&nbsp;<\/p>\n<p>Contexte\u00a0:<\/p>\n<p>Au Canada, 81 % des d\u00e9c\u00e8s de la premi\u00e8re vague de COVID-19 sont survenus dans des \u00e9tablissements des soins de longue dur\u00e9e (ESLD). En plus de ce lourd tribut, les mesures de sant\u00e9 publique qui r\u00e9duisent les contacts et limitent les visites ont accentu\u00e9 l&rsquo;isolement et la solitude des personnes \u00e2g\u00e9es en \u00c9SLD notamment. Ces effets collat\u00e9raux vuln\u00e9rabilisant et non anticip\u00e9 dans la r\u00e9ponse anti-COVID-19 sont fortement ressentis par les \u00e9tablissements de SLD accueillant les a\u00een\u00e9s en contexte minoritaire, principalement en raison des difficult\u00e9s ordinaires d&rsquo;acc\u00e8s au syst\u00e8me de sant\u00e9. Cette situation unique a contraint les \u00e9tablissements de SLD \u00e0 d\u00e9velopper des pratiques prometteuses pour garantir le maintien du capital social entre les a\u00een\u00e9.e.s, leurs familles et leurs soignants, , afin de rompre leur isolement social et leur solitude. Les pratiques gagnantes incluent aussi des solutions num\u00e9riques et ce projet en tirera parti, en se concentrant sur les minorit\u00e9s linguistiques et culturelles (a\u00een\u00e9.e.s anglophones du Qu\u00e9bec et a\u00een\u00e9.e.s francophones du Manitoba et du Nouveau-Brunswick).[\/vc_column_text][\/vc_column][vc_column width=\u00a0\u00bb1\/2&Prime;][vc_column_text]L&rsquo;objectif est d&rsquo;\u00e9valuer les pratiques actuelles utilis\u00e9es dans les r\u00e9sidences, les exp\u00e9riences des r\u00e9sidents, des familles et du personnel des \u00e9tablissements de SLD pour r\u00e9duire la solitude et les a\u00een\u00e9.e.s dans le contexte de la pand\u00e9mie. \u00c0 terme, le projet permettra de tester une application d&rsquo;\u00e9change virtuel entre les r\u00e9sidents, les familles et le personnel. L&rsquo;\u00e9tude se d\u00e9roulera au Manitoba (Winnipeg), au Qu\u00e9bec (Qu\u00e9bec City) et au Nouveau-Brunswick (Paquetville et Lam\u00e8que).<\/p>\n<p>Le projet est d\u00e9ploy\u00e9 en deux phases :<\/p>\n<p>Phase 1 (termin\u00e9e) : Cette phase \u00e0 consist\u00e9 en une analyse des pratiques mises en \u0153uvre et en la formulation d&rsquo;attentes pour rompre l&rsquo;isolement social et la solitude des a\u00een\u00e9.e.s. Ces donn\u00e9es ont \u00e9t\u00e9 compl\u00e9t\u00e9es par des entretiens avec des gestionnaires, des intervenants de premi\u00e8re ligne et des familles. Les connaissances g\u00e9n\u00e9r\u00e9es ont \u00e9t\u00e9 enrichies par un examen de la port\u00e9e et un atelier d\u00e9lib\u00e9ratif.<\/p>\n<p>Phase 2 : La deuxi\u00e8me phase se concentre sur les diff\u00e9rentes exp\u00e9riences d&rsquo;utilisation du num\u00e9rique rapport\u00e9es par les \u00e9tablissements de SLD afin de co-construire une plateforme innovante avec un groupe intervention pour une phase pilote de 4 mois. L&rsquo;\u00e9valuation de la r\u00e9ussite de la mise en \u0153uvre des meilleures pratiques sera bas\u00e9e sur les indicateurs de r\u00e9ussite d\u00e9finis de mani\u00e8re consensuelle \u00e0 partir des cinq dimensions du Consolidated Framework for Implementation Research (CFIR).[\/vc_column_text][\/vc_column][\/vc_row][vc_row][vc_column][vc_column_text]Publications associ\u00e9es\u00a0au projet :<\/p>\n<ol>\n<li><strong>Beogo I<\/strong>; Bationo NJ-C; Collin S; Tapp D; Ramd\u00e9 J; Gagnon MP; Tchouaket NE; Sia D (<strong>2022<\/strong>). Promising Best Practices Implemented in Long-Term Care Facilities During the COVID-19 Pandemic to Address Social Isolation and Loneliness: A Scoping Review. Journal of Long-Term Care, pp. 298\u2013311. https:\/\/doi.org\/10.31389\/jltc.138<\/li>\n<\/ol>\n<ol start=\"2\">\n<li>Gallant NL; Hardy MS; <strong>Beogo I<\/strong>; Conklin J; Connelly D; Kaasalainen S; Keefe J; Robitaille A; Yous ML; Fanaki C; and Cameron C. (<strong>2022<\/strong>). Improving Family Presence in Long-Term Care during the COVID-19 Pandemic. Healthcare Quarterly 25(Special Issue): 34-40.doi:10.12927\/hcq.2022.26980<\/li>\n<\/ol>\n<ol start=\"3\">\n<li>Glowinski BJ; Shirin A; Mona V; <strong>Beogo I;<\/strong> Frank T; Havaei F; Kaasalainen S; Lashewicz B; Levy AM; McGilton KS; McMurray J; Sims-Gould J. (<strong>2022<\/strong>). The Canadian Long-Term Care Sector Collapse from COVID-19: Innovations to Support People in the Workforce. Healthcare Quarterly\u00a0 <a href=\"https:\/\/www.longwoods.com\/publications\/healthcare-quarterly\/26976\">25(Special Issue)<\/a>: 20-26.doi:10.12927\/hcq.2022.26982<\/li>\n<\/ol>\n<ol start=\"4\">\n<li><strong>Beogo I<\/strong>; Bationo NJ-C; Sia D; Collin S; Kinkumba RB; L\u00e9tourneau A-A; Ramd\u00e9 J; Gagnon MP; Tchouaket NE (2022). COVID-19 Pandemic or Chaos Time Management: First-Line Worker Shortage \u2013 a Qualitative Study in Three Canadian Provinces. BMC Geriatr <strong>22<\/strong>, 727. https:\/\/doi.org\/10.1186\/s12877-022-03419-3<\/li>\n<\/ol>\n<ol start=\"5\">\n<li><strong>Beogo I<\/strong>, Sia D, Tchouaket NE, Zhao J, Gagnon MP, Etowa J. (<strong>2022<\/strong>). Strengthening Social Capital to Address Isolation and Loneliness in Long-Term Care Facilities During the Covid-19 Pandemic: A Systematic Review Protocol of Research on Information and Communication Technologie. JMIR Res Protoc, 11(3) e36269.<\/li>\n<\/ol>\n<ol start=\"6\">\n<li><strong>Beogo I<\/strong>; Tchouaket EN; Sia D; Bationo NJ-C; Collin S; Tapp D; Said Abasse K; Ramd\u00e9 J; Gagnon MP (<strong>2022<\/strong>). Promising best practices implemented in long-term care homes during COVID-19 pandemic to address social isolation and loneliness: a scoping review protocol. <em>BMJ Open<\/em>; <strong>12:<\/strong>e053894.\u00a0doi:\u00a010.1136\/bmjopen-2021-053894<\/li>\n<\/ol>\n<p>[\/vc_column_text][\/vc_column][\/vc_row]<\/p>\n<\/div>","protected":false},"excerpt":{"rendered":"<p>[vc_row gap=\u00a0\u00bb30&Prime; equal_height=\u00a0\u00bbyes\u00a0\u00bb content_placement=\u00a0\u00bbmiddle\u00a0\u00bb][vc_column width=\u00a0\u00bb1\/6&Prime;][vc_single_image image=\u00a0\u00bb717&Prime; img_size=\u00a0\u00bblarge\u00a0\u00bb alignment=\u00a0\u00bbcenter\u00a0\u00bb][\/vc_column][vc_column width=\u00a0\u00bb5\/6&Prime;][vc_column_text] Optimiser la r\u00e9silience \u00e0 la COVID-19 par le bris de l\u2019isolement social et la solitude des minorit\u00e9s linguistiques en soins de longue dur\u00e9e au Nouveau-Brunswick, Qu\u00e9bec et Manitoba. [\/vc_column_text][\/vc_column][\/vc_row][vc_row gap=\u00a0\u00bb35&Prime;][vc_column width=\u00a0\u00bb1\/2&Prime;][vc_column_text]Ce projet a \u00e9t\u00e9 d\u00e9velopp\u00e9 par le Dr Idrissa Beogo de l\u2019\u00c9cole des sciences infirmi\u00e8re de&hellip;<\/p>\n","protected":false},"author":110,"featured_media":780,"comment_status":"closed","ping_status":"closed","sticky":false,"template":"","format":"standard","meta":{"footnotes":""},"categories":[15],"tags":[],"yst_prominent_words":[],"class_list":["post-778","post","type-post","status-publish","format-standard","has-post-thumbnail","hentry","category-archives","category-15","description-off"],"_links":{"self":[{"href":"https:\/\/centreexpertiseacess.com\/fr\/wp-json\/wp\/v2\/posts\/778","targetHints":{"allow":["GET"]}}],"collection":[{"href":"https:\/\/centreexpertiseacess.com\/fr\/wp-json\/wp\/v2\/posts"}],"about":[{"href":"https:\/\/centreexpertiseacess.com\/fr\/wp-json\/wp\/v2\/types\/post"}],"author":[{"embeddable":true,"href":"https:\/\/centreexpertiseacess.com\/fr\/wp-json\/wp\/v2\/users\/110"}],"replies":[{"embeddable":true,"href":"https:\/\/centreexpertiseacess.com\/fr\/wp-json\/wp\/v2\/comments?post=778"}],"version-history":[{"count":2,"href":"https:\/\/centreexpertiseacess.com\/fr\/wp-json\/wp\/v2\/posts\/778\/revisions"}],"predecessor-version":[{"id":791,"href":"https:\/\/centreexpertiseacess.com\/fr\/wp-json\/wp\/v2\/posts\/778\/revisions\/791"}],"wp:featuredmedia":[{"embeddable":true,"href":"https:\/\/centreexpertiseacess.com\/fr\/wp-json\/wp\/v2\/media\/780"}],"wp:attachment":[{"href":"https:\/\/centreexpertiseacess.com\/fr\/wp-json\/wp\/v2\/media?parent=778"}],"wp:term":[{"taxonomy":"category","embeddable":true,"href":"https:\/\/centreexpertiseacess.com\/fr\/wp-json\/wp\/v2\/categories?post=778"},{"taxonomy":"post_tag","embeddable":true,"href":"https:\/\/centreexpertiseacess.com\/fr\/wp-json\/wp\/v2\/tags?post=778"},{"taxonomy":"yst_prominent_words","embeddable":true,"href":"https:\/\/centreexpertiseacess.com\/fr\/wp-json\/wp\/v2\/yst_prominent_words?post=778"}],"curies":[{"name":"wp","href":"https:\/\/api.w.org\/{rel}","templated":true}]}}